{"id":461,"date":"2020-11-13T17:59:29","date_gmt":"2020-11-13T16:59:29","guid":{"rendered":"http:\/\/www.hugues-lethierry.fr\/?p=461"},"modified":"2020-11-13T17:59:29","modified_gmt":"2020-11-13T16:59:29","slug":"vacance-de-la-philo-ecrire-et-penser-sous-la-tente","status":"publish","type":"post","link":"http:\/\/www.hugues-lethierry.fr\/?p=461","title":{"rendered":"VACANCE DE LA PHILO ECRIRE ET PENSER SOUS LA TENTE"},"content":{"rendered":"<div class=\"\" data-block=\"true\" data-editor=\"fqvh8\" data-offset-key=\"dqliu-0-0\">\n<div class=\"_1mf _1mj\" data-offset-key=\"dqliu-0-0\"><span data-offset-key=\"dqliu-0-0\">VACANCE DE LA PHILO<\/span><\/div>\n<\/div>\n<div class=\"\" data-block=\"true\" data-editor=\"fqvh8\" data-offset-key=\"jutf-0-0\">\n<div class=\"_1mf _1mj\" data-offset-key=\"jutf-0-0\"><span data-offset-key=\"jutf-0-0\">Ecrire et penser sous la tente!<\/span><\/div>\n<\/div>\n<div class=\"\" data-block=\"true\" data-editor=\"fqvh8\" data-offset-key=\"bt185-0-0\">\n<div class=\"_1mf _1mj\" data-offset-key=\"bt185-0-0\"><span data-offset-key=\"bt185-0-0\"> Je prepare un livre sous ce titre qui relatera des experiences <\/span><\/div>\n<\/div>\n<div class=\"\" data-block=\"true\" data-editor=\"fqvh8\" data-offset-key=\"5qhs4-0-0\">\n<div class=\"_1mf _1mj\" data-offset-key=\"5qhs4-0-0\"><span data-offset-key=\"5qhs4-0-0\">d&rsquo;\u00e9criture et de philo au sein du camping \u00ab\u00a0Entre mer et foret\u00a0\u00bb<\/span><\/div>\n<\/div>\n<div class=\"\" data-block=\"true\" data-editor=\"fqvh8\" data-offset-key=\"4fdf2-0-0\">\n<div class=\"_1mf _1mj\" data-offset-key=\"4fdf2-0-0\"><span data-offset-key=\"4fdf2-0-0\">8 bd de suzac , 17132 Meschers<\/span><\/div>\n<\/div>\n<div class=\"\" data-block=\"true\" data-editor=\"fqvh8\" data-offset-key=\"5o5pe-0-0\">\n<div class=\"_1mf _1mj\" data-offset-key=\"5o5pe-0-0\"><span data-offset-key=\"5o5pe-0-0\"> Il comprendra une partie sur \u00ab\u00a0Lettres d&rsquo;amour et de rupture\u00a0\u00bb<\/span><\/div>\n<\/div>\n<div class=\"\" data-block=\"true\" data-editor=\"fqvh8\" data-offset-key=\"7r6hh-0-0\">\n<div class=\"_1mf _1mj\" data-offset-key=\"7r6hh-0-0\"><span data-offset-key=\"7r6hh-0-0\">une autre sur des ateliers philos , de Diog\u00e9ne a Jankelevitch<\/span><\/div>\n<\/div>\n<div class=\"\" data-block=\"true\" data-editor=\"fqvh8\" data-offset-key=\"erkem-0-0\">\n<div class=\"_1mf _1mj\" data-offset-key=\"erkem-0-0\"><span data-offset-key=\"erkem-0-0\"> Une derni\u00e9re \u00e9crite par P.Berthuit sur des ateliers \u00ab\u00a0\u00e9picuriens\u00a0\u00bb ainsi que sur la fresque de Raphael intitul\u00e9e \u00ab\u00a0L&rsquo;\u00e9cole d&rsquo;Ath\u00e9nes\u00a0\u00bb<\/span><\/div>\n<\/div>\n<div class=\"\" data-block=\"true\" data-editor=\"fqvh8\" data-offset-key=\"21qku-0-0\">\n<div class=\"_1mf _1mj\" data-offset-key=\"21qku-0-0\"><span data-offset-key=\"21qku-0-0\"> Le camping est lou\u00e9 par l&rsquo;Association \u00ab\u00a0Jardiner ses possibles\u00a0\u00bb<\/span><\/div>\n<\/div>\n<div class=\"\" data-block=\"true\" data-editor=\"fqvh8\" data-offset-key=\"60s08-0-0\">\n<div class=\"_1mf _1mj\" data-offset-key=\"60s08-0-0\"><span data-offset-key=\"60s08-0-0\">n\u00e9e en 1976 sous le nom de \u00ab\u00a0L&rsquo;espace des possibles<\/span><\/div>\n<\/div>\n<div class=\"\" data-block=\"true\" data-editor=\"fqvh8\" data-offset-key=\"af2n4-0-0\">\n<div class=\"_1mf _1mj\" data-offset-key=\"af2n4-0-0\"><span data-offset-key=\"af2n4-0-0\"> Tous ceux qui veulent exprimer un t\u00e9moignage ,ou fournir dessins et photos a ce sujet sont les bienvenus<\/span><\/div>\n<\/div>\n","protected":false},"excerpt":{"rendered":"<p>VACANCE DE LA PHILO Ecrire et penser sous la tente! Je prepare un livre sous ce titre qui relatera des experiences d&rsquo;\u00e9criture et de philo au sein du camping \u00ab\u00a0Entre mer et foret\u00a0\u00bb 8 bd de suzac , 17132 Meschers Il comprendra une partie sur \u00ab\u00a0Lettres d&rsquo;amour et de rupture\u00a0\u00bb une autre sur des ateliers philos , de Diog\u00e9ne a Jankelevitch Une derni\u00e9re \u00e9crite par P.Berthuit sur des ateliers \u00ab\u00a0\u00e9picuriens\u00a0\u00bb[&#8230;]<\/p>\n","protected":false},"author":3,"featured_media":0,"comment_status":"closed","ping_status":"closed","sticky":false,"template":"","format":"standard","meta":{"footnotes":""},"categories":[1],"tags":[],"class_list":["post-461","post","type-post","status-publish","format-standard","hentry","category-non-classe"],"_links":{"self":[{"href":"http:\/\/www.hugues-lethierry.fr\/index.php?rest_route=\/wp\/v2\/posts\/461","targetHints":{"allow":["GET"]}}],"collection":[{"href":"http:\/\/www.hugues-lethierry.fr\/index.php?rest_route=\/wp\/v2\/posts"}],"about":[{"href":"http:\/\/www.hugues-lethierry.fr\/index.php?rest_route=\/wp\/v2\/types\/post"}],"author":[{"embeddable":true,"href":"http:\/\/www.hugues-lethierry.fr\/index.php?rest_route=\/wp\/v2\/users\/3"}],"replies":[{"embeddable":true,"href":"http:\/\/www.hugues-lethierry.fr\/index.php?rest_route=%2Fwp%2Fv2%2Fcomments&post=461"}],"version-history":[{"count":1,"href":"http:\/\/www.hugues-lethierry.fr\/index.php?rest_route=\/wp\/v2\/posts\/461\/revisions"}],"predecessor-version":[{"id":462,"href":"http:\/\/www.hugues-lethierry.fr\/index.php?rest_route=\/wp\/v2\/posts\/461\/revisions\/462"}],"wp:attachment":[{"href":"http:\/\/www.hugues-lethierry.fr\/index.php?rest_route=%2Fwp%2Fv2%2Fmedia&parent=461"}],"wp:term":[{"taxonomy":"category","embeddable":true,"href":"http:\/\/www.hugues-lethierry.fr\/index.php?rest_route=%2Fwp%2Fv2%2Fcategories&post=461"},{"taxonomy":"post_tag","embeddable":true,"href":"http:\/\/www.hugues-lethierry.fr\/index.php?rest_route=%2Fwp%2Fv2%2Ftags&post=461"}],"curies":[{"name":"wp","href":"https:\/\/api.w.org\/{rel}","templated":true}]}}